{"id":1756,"date":"2016-09-01T10:11:00","date_gmt":"2016-09-01T08:11:00","guid":{"rendered":"http:\/\/stoa.es\/en\/2016\/09\/01\/polvorin-la-guerra-civil\/"},"modified":"2016-09-06T11:55:04","modified_gmt":"2016-09-06T09:55:04","slug":"polvorin-la-guerra-civil","status":"publish","type":"post","link":"https:\/\/stoa.es\/en\/2016\/09\/01\/polvorin-la-guerra-civil\/","title":{"rendered":"A civil war ammunitions dump"},"content":{"rendered":"<p>Recovery and public use of vestiges of Spanish civil war (Vandell\u00f3s i l\u2019Hospitalet de l\u2019Infant<\/p>\n","protected":false},"excerpt":{"rendered":"<p>Recovery and public use of vestiges of Spanish civil war (Vandell\u00f3s i l\u2019Hospitalet de l\u2019Infant<\/p>\n","protected":false},"author":4,"featured_media":1749,"comment_status":"closed","ping_status":"closed","sticky":false,"template":"","format":"standard","meta":{"jetpack_post_was_ever_published":false,"_jetpack_newsletter_access":"","footnotes":""},"categories":[92],"tags":[],"class_list":["post-1756","post","type-post","status-publish","format-standard","has-post-thumbnail","hentry","category-signaling-en"],"acf":[],"yoast_head":"<!-- This site is optimized with the Yoast SEO plugin v21.1 - https:\/\/yoast.com\/wordpress\/plugins\/seo\/ -->\n<title>A civil war ammunitions dump - Stoa<\/title>\n<meta name=\"robots\" content=\"index, follow, max-snippet:-1, max-image-preview:large, max-video-preview:-1\" \/>\n<link rel=\"canonical\" href=\"https:\/\/stoa.es\/2016\/09\/01\/polvorin-la-guerra-civil\/\" \/>\n<meta property=\"og:locale\" content=\"en_US\" \/>\n<meta property=\"og:type\" content=\"article\" \/>\n<meta property=\"og:title\" content=\"A civil war ammunitions dump - Stoa\" \/>\n<meta property=\"og:description\" content=\"Recovery and public use of vestiges of Spanish civil war (Vandell\u00f3s i l\u2019Hospitalet de l\u2019Infant\" \/>\n<meta property=\"og:url\" content=\"https:\/\/stoa.es\/2016\/09\/01\/polvorin-la-guerra-civil\/\" \/>\n<meta property=\"og:site_name\" content=\"Stoa\" \/>\n<meta property=\"article:published_time\" content=\"2016-09-01T08:11:00+00:00\" \/>\n<meta property=\"article:modified_time\" content=\"2016-09-06T09:55:04+00:00\" \/>\n<meta property=\"og:image\" content=\"https:\/\/i0.wp.com\/stoa.es\/wp-content\/uploads\/2016\/09\/pergola01.jpg?fit=1507%2C815&ssl=1\" \/>\n\t<meta property=\"og:image:width\" content=\"1507\" \/>\n\t<meta property=\"og:image:height\" content=\"815\" \/>\n\t<meta property=\"og:image:type\" content=\"image\/jpeg\" \/>\n<meta name=\"author\" content=\"Jordi Padr\u00f3 Werner\" \/>\n<meta name=\"twitter:card\" content=\"summary_large_image\" \/>\n<meta name=\"twitter:label1\" content=\"Written by\" \/>\n\t<meta name=\"twitter:data1\" content=\"Jordi Padr\u00f3 Werner\" \/>\n<script type=\"application\/ld+json\" class=\"yoast-schema-graph\">{\"@context\":\"https:\/\/schema.org\",\"@graph\":[{\"@type\":\"Article\",\"@id\":\"https:\/\/stoa.es\/2016\/09\/01\/polvorin-la-guerra-civil\/#article\",\"isPartOf\":{\"@id\":\"https:\/\/stoa.es\/2016\/09\/01\/polvorin-la-guerra-civil\/\"},\"author\":{\"name\":\"Jordi Padr\u00f3 Werner\",\"@id\":\"https:\/\/stoa.es\/#\/schema\/person\/384b1297c039dd4c64de1c223c2aac53\"},\"headline\":\"A civil war ammunitions dump\",\"datePublished\":\"2016-09-01T08:11:00+00:00\",\"dateModified\":\"2016-09-06T09:55:04+00:00\",\"mainEntityOfPage\":{\"@id\":\"https:\/\/stoa.es\/2016\/09\/01\/polvorin-la-guerra-civil\/\"},\"wordCount\":23,\"publisher\":{\"@id\":\"https:\/\/stoa.es\/#organization\"},\"articleSection\":[\"Signaling\"],\"inLanguage\":\"en-US\"},{\"@type\":\"WebPage\",\"@id\":\"https:\/\/stoa.es\/2016\/09\/01\/polvorin-la-guerra-civil\/\",\"url\":\"https:\/\/stoa.es\/2016\/09\/01\/polvorin-la-guerra-civil\/\",\"name\":\"A civil war ammunitions dump - Stoa\",\"isPartOf\":{\"@id\":\"https:\/\/stoa.es\/#website\"},\"datePublished\":\"2016-09-01T08:11:00+00:00\",\"dateModified\":\"2016-09-06T09:55:04+00:00\",\"breadcrumb\":{\"@id\":\"https:\/\/stoa.es\/2016\/09\/01\/polvorin-la-guerra-civil\/#breadcrumb\"},\"inLanguage\":\"en-US\",\"potentialAction\":[{\"@type\":\"ReadAction\",\"target\":[\"https:\/\/stoa.es\/2016\/09\/01\/polvorin-la-guerra-civil\/\"]}]},{\"@type\":\"BreadcrumbList\",\"@id\":\"https:\/\/stoa.es\/2016\/09\/01\/polvorin-la-guerra-civil\/#breadcrumb\",\"itemListElement\":[{\"@type\":\"ListItem\",\"position\":1,\"name\":\"Portada\",\"item\":\"https:\/\/stoa.es\/\"},{\"@type\":\"ListItem\",\"position\":2,\"name\":\"A civil war ammunitions dump\"}]},{\"@type\":\"WebSite\",\"@id\":\"https:\/\/stoa.es\/#website\",\"url\":\"https:\/\/stoa.es\/\",\"name\":\"Stoa\",\"description\":\"Planning, interpreting and displaying Heritage\",\"publisher\":{\"@id\":\"https:\/\/stoa.es\/#organization\"},\"potentialAction\":[{\"@type\":\"SearchAction\",\"target\":{\"@type\":\"EntryPoint\",\"urlTemplate\":\"https:\/\/stoa.es\/?s={search_term_string}\"},\"query-input\":\"required name=search_term_string\"}],\"inLanguage\":\"en-US\"},{\"@type\":\"Organization\",\"@id\":\"https:\/\/stoa.es\/#organization\",\"name\":\"Stoa\",\"url\":\"https:\/\/stoa.es\/\",\"logo\":{\"@type\":\"ImageObject\",\"inLanguage\":\"en-US\",\"@id\":\"https:\/\/stoa.es\/#\/schema\/logo\/image\/\",\"url\":\"https:\/\/i0.wp.com\/stoa.es\/wp-content\/uploads\/2016\/06\/stoa.png?fit=86%2C31&ssl=1\",\"contentUrl\":\"https:\/\/i0.wp.com\/stoa.es\/wp-content\/uploads\/2016\/06\/stoa.png?fit=86%2C31&ssl=1\",\"width\":86,\"height\":31,\"caption\":\"Stoa\"},\"image\":{\"@id\":\"https:\/\/stoa.es\/#\/schema\/logo\/image\/\"}},{\"@type\":\"Person\",\"@id\":\"https:\/\/stoa.es\/#\/schema\/person\/384b1297c039dd4c64de1c223c2aac53\",\"name\":\"Jordi Padr\u00f3 Werner\",\"image\":{\"@type\":\"ImageObject\",\"inLanguage\":\"en-US\",\"@id\":\"https:\/\/stoa.es\/#\/schema\/person\/image\/\",\"url\":\"https:\/\/secure.gravatar.com\/avatar\/2f3d81d7bb692ea988017559dfdd878f546ff6257864828fb28812da51fdf7bd?s=96&d=mm&r=g\",\"contentUrl\":\"https:\/\/secure.gravatar.com\/avatar\/2f3d81d7bb692ea988017559dfdd878f546ff6257864828fb28812da51fdf7bd?s=96&d=mm&r=g\",\"caption\":\"Jordi Padr\u00f3 Werner\"},\"url\":\"https:\/\/stoa.es\/en\/author\/padro\/\"}]}<\/script>\n<!-- \/ Yoast SEO plugin. -->","yoast_head_json":{"title":"A civil war ammunitions dump - Stoa","robots":{"index":"index","follow":"follow","max-snippet":"max-snippet:-1","max-image-preview":"max-image-preview:large","max-video-preview":"max-video-preview:-1"},"canonical":"https:\/\/stoa.es\/2016\/09\/01\/polvorin-la-guerra-civil\/","og_locale":"en_US","og_type":"article","og_title":"A civil war ammunitions dump - Stoa","og_description":"Recovery and public use of vestiges of Spanish civil war (Vandell\u00f3s i l\u2019Hospitalet de l\u2019Infant","og_url":"https:\/\/stoa.es\/2016\/09\/01\/polvorin-la-guerra-civil\/","og_site_name":"Stoa","article_published_time":"2016-09-01T08:11:00+00:00","article_modified_time":"2016-09-06T09:55:04+00:00","og_image":[{"width":1507,"height":815,"url":"https:\/\/i0.wp.com\/stoa.es\/wp-content\/uploads\/2016\/09\/pergola01.jpg?fit=1507%2C815&ssl=1","type":"image\/jpeg"}],"author":"Jordi Padr\u00f3 Werner","twitter_card":"summary_large_image","twitter_misc":{"Written by":"Jordi Padr\u00f3 Werner"},"schema":{"@context":"https:\/\/schema.org","@graph":[{"@type":"Article","@id":"https:\/\/stoa.es\/2016\/09\/01\/polvorin-la-guerra-civil\/#article","isPartOf":{"@id":"https:\/\/stoa.es\/2016\/09\/01\/polvorin-la-guerra-civil\/"},"author":{"name":"Jordi Padr\u00f3 Werner","@id":"https:\/\/stoa.es\/#\/schema\/person\/384b1297c039dd4c64de1c223c2aac53"},"headline":"A civil war ammunitions dump","datePublished":"2016-09-01T08:11:00+00:00","dateModified":"2016-09-06T09:55:04+00:00","mainEntityOfPage":{"@id":"https:\/\/stoa.es\/2016\/09\/01\/polvorin-la-guerra-civil\/"},"wordCount":23,"publisher":{"@id":"https:\/\/stoa.es\/#organization"},"articleSection":["Signaling"],"inLanguage":"en-US"},{"@type":"WebPage","@id":"https:\/\/stoa.es\/2016\/09\/01\/polvorin-la-guerra-civil\/","url":"https:\/\/stoa.es\/2016\/09\/01\/polvorin-la-guerra-civil\/","name":"A civil war ammunitions dump - Stoa","isPartOf":{"@id":"https:\/\/stoa.es\/#website"},"datePublished":"2016-09-01T08:11:00+00:00","dateModified":"2016-09-06T09:55:04+00:00","breadcrumb":{"@id":"https:\/\/stoa.es\/2016\/09\/01\/polvorin-la-guerra-civil\/#breadcrumb"},"inLanguage":"en-US","potentialAction":[{"@type":"ReadAction","target":["https:\/\/stoa.es\/2016\/09\/01\/polvorin-la-guerra-civil\/"]}]},{"@type":"BreadcrumbList","@id":"https:\/\/stoa.es\/2016\/09\/01\/polvorin-la-guerra-civil\/#breadcrumb","itemListElement":[{"@type":"ListItem","position":1,"name":"Portada","item":"https:\/\/stoa.es\/"},{"@type":"ListItem","position":2,"name":"A civil war ammunitions dump"}]},{"@type":"WebSite","@id":"https:\/\/stoa.es\/#website","url":"https:\/\/stoa.es\/","name":"Stoa","description":"Planning, interpreting and displaying Heritage","publisher":{"@id":"https:\/\/stoa.es\/#organization"},"potentialAction":[{"@type":"SearchAction","target":{"@type":"EntryPoint","urlTemplate":"https:\/\/stoa.es\/?s={search_term_string}"},"query-input":"required name=search_term_string"}],"inLanguage":"en-US"},{"@type":"Organization","@id":"https:\/\/stoa.es\/#organization","name":"Stoa","url":"https:\/\/stoa.es\/","logo":{"@type":"ImageObject","inLanguage":"en-US","@id":"https:\/\/stoa.es\/#\/schema\/logo\/image\/","url":"https:\/\/i0.wp.com\/stoa.es\/wp-content\/uploads\/2016\/06\/stoa.png?fit=86%2C31&ssl=1","contentUrl":"https:\/\/i0.wp.com\/stoa.es\/wp-content\/uploads\/2016\/06\/stoa.png?fit=86%2C31&ssl=1","width":86,"height":31,"caption":"Stoa"},"image":{"@id":"https:\/\/stoa.es\/#\/schema\/logo\/image\/"}},{"@type":"Person","@id":"https:\/\/stoa.es\/#\/schema\/person\/384b1297c039dd4c64de1c223c2aac53","name":"Jordi Padr\u00f3 Werner","image":{"@type":"ImageObject","inLanguage":"en-US","@id":"https:\/\/stoa.es\/#\/schema\/person\/image\/","url":"https:\/\/secure.gravatar.com\/avatar\/2f3d81d7bb692ea988017559dfdd878f546ff6257864828fb28812da51fdf7bd?s=96&d=mm&r=g","contentUrl":"https:\/\/secure.gravatar.com\/avatar\/2f3d81d7bb692ea988017559dfdd878f546ff6257864828fb28812da51fdf7bd?s=96&d=mm&r=g","caption":"Jordi Padr\u00f3 Werner"},"url":"https:\/\/stoa.es\/en\/author\/padro\/"}]}},"jetpack_featured_media_url":"https:\/\/i0.wp.com\/stoa.es\/wp-content\/uploads\/2016\/09\/pergola01.jpg?fit=1507%2C815&ssl=1","jetpack_sharing_enabled":true,"jetpack-related-posts":[{"id":1757,"url":"https:\/\/stoa.es\/en\/2016\/09\/01\/polvorin-la-guerra-civil\/","url_meta":{"origin":1756,"position":0},"title":"Un polvor\u00ed de la guerra civil","author":"Jordi Padr\u00f3 Werner","date":"09\/01\/2016","format":false,"excerpt":"Activaci\u00f3 i \u00fas sociocultural del Polvor\u00ed del Pla de l'Albercoquer (Vandell\u00f2s i l'Hospitalet de l'Infant)","rel":"","context":"Similar post","block_context":{"text":"Similar post","link":""},"img":{"alt_text":"","src":"https:\/\/i0.wp.com\/stoa.es\/wp-content\/uploads\/2016\/09\/pergola01.jpg?fit=1200%2C649&ssl=1&resize=350%2C200","width":350,"height":200,"srcset":"https:\/\/i0.wp.com\/stoa.es\/wp-content\/uploads\/2016\/09\/pergola01.jpg?fit=1200%2C649&ssl=1&resize=350%2C200 1x, https:\/\/i0.wp.com\/stoa.es\/wp-content\/uploads\/2016\/09\/pergola01.jpg?fit=1200%2C649&ssl=1&resize=525%2C300 1.5x, https:\/\/i0.wp.com\/stoa.es\/wp-content\/uploads\/2016\/09\/pergola01.jpg?fit=1200%2C649&ssl=1&resize=700%2C400 2x, https:\/\/i0.wp.com\/stoa.es\/wp-content\/uploads\/2016\/09\/pergola01.jpg?fit=1200%2C649&ssl=1&resize=1050%2C600 3x"},"classes":[]},{"id":1746,"url":"https:\/\/stoa.es\/en\/2016\/09\/01\/polvorin-la-guerra-civil\/","url_meta":{"origin":1756,"position":1},"title":"Un polvor\u00edn de la guerra civil","author":"Jordi Padr\u00f3 Werner","date":"09\/01\/2016","format":false,"excerpt":"Activaci\u00f3n y uso sociocultural del Polvor\u00edn del Pla de l\u2019Albercoquer (Vandell\u00f3s i l\u2019Hospitalet de l\u2019Infant)","rel":"","context":"Similar post","block_context":{"text":"Similar post","link":""},"img":{"alt_text":"","src":"https:\/\/i0.wp.com\/stoa.es\/wp-content\/uploads\/2016\/09\/pergola01.jpg?fit=1200%2C649&ssl=1&resize=350%2C200","width":350,"height":200,"srcset":"https:\/\/i0.wp.com\/stoa.es\/wp-content\/uploads\/2016\/09\/pergola01.jpg?fit=1200%2C649&ssl=1&resize=350%2C200 1x, https:\/\/i0.wp.com\/stoa.es\/wp-content\/uploads\/2016\/09\/pergola01.jpg?fit=1200%2C649&ssl=1&resize=525%2C300 1.5x, https:\/\/i0.wp.com\/stoa.es\/wp-content\/uploads\/2016\/09\/pergola01.jpg?fit=1200%2C649&ssl=1&resize=700%2C400 2x, https:\/\/i0.wp.com\/stoa.es\/wp-content\/uploads\/2016\/09\/pergola01.jpg?fit=1200%2C649&ssl=1&resize=1050%2C600 3x"},"classes":[]},{"id":1785,"url":"https:\/\/stoa.es\/en\/2016\/09\/01\/senalizacion-exterior-del-antiguo-hospital-del-coll-balaguer\/","url_meta":{"origin":1756,"position":2},"title":"Senyalitzaci\u00f3 exterior de l&#8217;antic hospital del Coll de Balaguer","author":"Jordi Padr\u00f3 Werner","date":"09\/01\/2016","format":false,"excerpt":"Continguts i gr\u00e0fica de senyalitzaci\u00f3 interpretativa a l'Hospitalet de l'Infant","rel":"","context":"Similar post","block_context":{"text":"Similar post","link":""},"img":{"alt_text":"","src":"https:\/\/i0.wp.com\/stoa.es\/wp-content\/uploads\/2016\/09\/IMG_2550.jpg?fit=900%2C1200&ssl=1&resize=350%2C200","width":350,"height":200,"srcset":"https:\/\/i0.wp.com\/stoa.es\/wp-content\/uploads\/2016\/09\/IMG_2550.jpg?fit=900%2C1200&ssl=1&resize=350%2C200 1x, https:\/\/i0.wp.com\/stoa.es\/wp-content\/uploads\/2016\/09\/IMG_2550.jpg?fit=900%2C1200&ssl=1&resize=525%2C300 1.5x, https:\/\/i0.wp.com\/stoa.es\/wp-content\/uploads\/2016\/09\/IMG_2550.jpg?fit=900%2C1200&ssl=1&resize=700%2C400 2x"},"classes":[]},{"id":1784,"url":"https:\/\/stoa.es\/en\/2016\/09\/01\/senalizacion-exterior-del-antiguo-hospital-del-coll-balaguer\/","url_meta":{"origin":1756,"position":3},"title":"Old Hospital Coll de Balaguer","author":"Jordi Padr\u00f3 Werner","date":"09\/01\/2016","format":false,"excerpt":"Graphic content and interpretive signage in l'Hospitalet de l'Infant","rel":"","context":"In &quot;Signaling&quot;","block_context":{"text":"Signaling","link":"https:\/\/stoa.es\/en\/category\/signaling-en\/"},"img":{"alt_text":"","src":"https:\/\/i0.wp.com\/stoa.es\/wp-content\/uploads\/2016\/09\/IMG_2550.jpg?fit=900%2C1200&ssl=1&resize=350%2C200","width":350,"height":200,"srcset":"https:\/\/i0.wp.com\/stoa.es\/wp-content\/uploads\/2016\/09\/IMG_2550.jpg?fit=900%2C1200&ssl=1&resize=350%2C200 1x, https:\/\/i0.wp.com\/stoa.es\/wp-content\/uploads\/2016\/09\/IMG_2550.jpg?fit=900%2C1200&ssl=1&resize=525%2C300 1.5x, https:\/\/i0.wp.com\/stoa.es\/wp-content\/uploads\/2016\/09\/IMG_2550.jpg?fit=900%2C1200&ssl=1&resize=700%2C400 2x"},"classes":[]},{"id":1767,"url":"https:\/\/stoa.es\/en\/2016\/09\/01\/senalizacion-exterior-del-antiguo-hospital-del-coll-balaguer\/","url_meta":{"origin":1756,"position":4},"title":"Antiguo Hospital del Coll de Balaguer","author":"Jordi Padr\u00f3 Werner","date":"09\/01\/2016","format":false,"excerpt":"Contenidos y gr\u00e1fica de se\u00f1alizaci\u00f3n interpretativa en l\u2019Hospitalet de l\u2019Infant","rel":"","context":"Similar post","block_context":{"text":"Similar post","link":""},"img":{"alt_text":"","src":"https:\/\/i0.wp.com\/stoa.es\/wp-content\/uploads\/2016\/09\/IMG_2550.jpg?fit=900%2C1200&ssl=1&resize=350%2C200","width":350,"height":200,"srcset":"https:\/\/i0.wp.com\/stoa.es\/wp-content\/uploads\/2016\/09\/IMG_2550.jpg?fit=900%2C1200&ssl=1&resize=350%2C200 1x, https:\/\/i0.wp.com\/stoa.es\/wp-content\/uploads\/2016\/09\/IMG_2550.jpg?fit=900%2C1200&ssl=1&resize=525%2C300 1.5x, https:\/\/i0.wp.com\/stoa.es\/wp-content\/uploads\/2016\/09\/IMG_2550.jpg?fit=900%2C1200&ssl=1&resize=700%2C400 2x"},"classes":[]},{"id":461,"url":"https:\/\/stoa.es\/en\/2016\/06\/20\/museo-de-la-paz-de-gernika\/","url_meta":{"origin":1756,"position":5},"title":"Gernika Peace Museum","author":"artesans","date":"06\/20\/2016","format":false,"excerpt":"Concept, design, production and installation of the Gernika's Peace Museum (Basque Country) \u00a0","rel":"","context":"In &quot;Museography&quot;","block_context":{"text":"Museography","link":"https:\/\/stoa.es\/en\/category\/museography-en\/"},"img":{"alt_text":"","src":"https:\/\/i0.wp.com\/stoa.es\/wp-content\/uploads\/2016\/06\/gernika-portada.jpg?fit=1200%2C701&ssl=1&resize=350%2C200","width":350,"height":200,"srcset":"https:\/\/i0.wp.com\/stoa.es\/wp-content\/uploads\/2016\/06\/gernika-portada.jpg?fit=1200%2C701&ssl=1&resize=350%2C200 1x, https:\/\/i0.wp.com\/stoa.es\/wp-content\/uploads\/2016\/06\/gernika-portada.jpg?fit=1200%2C701&ssl=1&resize=525%2C300 1.5x, https:\/\/i0.wp.com\/stoa.es\/wp-content\/uploads\/2016\/06\/gernika-portada.jpg?fit=1200%2C701&ssl=1&resize=700%2C400 2x, https:\/\/i0.wp.com\/stoa.es\/wp-content\/uploads\/2016\/06\/gernika-portada.jpg?fit=1200%2C701&ssl=1&resize=1050%2C600 3x"},"classes":[]}],"_links":{"self":[{"href":"https:\/\/stoa.es\/en\/wp-json\/wp\/v2\/posts\/1756","targetHints":{"allow":["GET"]}}],"collection":[{"href":"https:\/\/stoa.es\/en\/wp-json\/wp\/v2\/posts"}],"about":[{"href":"https:\/\/stoa.es\/en\/wp-json\/wp\/v2\/types\/post"}],"author":[{"embeddable":true,"href":"https:\/\/stoa.es\/en\/wp-json\/wp\/v2\/users\/4"}],"replies":[{"embeddable":true,"href":"https:\/\/stoa.es\/en\/wp-json\/wp\/v2\/comments?post=1756"}],"version-history":[{"count":1,"href":"https:\/\/stoa.es\/en\/wp-json\/wp\/v2\/posts\/1756\/revisions"}],"predecessor-version":[{"id":1761,"href":"https:\/\/stoa.es\/en\/wp-json\/wp\/v2\/posts\/1756\/revisions\/1761"}],"wp:featuredmedia":[{"embeddable":true,"href":"https:\/\/stoa.es\/en\/wp-json\/wp\/v2\/media\/1749"}],"wp:attachment":[{"href":"https:\/\/stoa.es\/en\/wp-json\/wp\/v2\/media?parent=1756"}],"wp:term":[{"taxonomy":"category","embeddable":true,"href":"https:\/\/stoa.es\/en\/wp-json\/wp\/v2\/categories?post=1756"},{"taxonomy":"post_tag","embeddable":true,"href":"https:\/\/stoa.es\/en\/wp-json\/wp\/v2\/tags?post=1756"}],"curies":[{"name":"wp","href":"https:\/\/api.w.org\/{rel}","templated":true}]}}